{"id":2337,"date":"2015-11-27T10:10:00","date_gmt":"2015-11-27T09:10:00","guid":{"rendered":"https:\/\/www.ntnu.no\/blogger\/teknat\/?p=2337"},"modified":"2021-08-29T22:48:09","modified_gmt":"2021-08-29T20:48:09","slug":"sammen-for-a-lofte-avfalls-og-gjenvinningsbransjen","status":"publish","type":"post","link":"https:\/\/www.ntnu.no\/blogger\/teknat\/2015\/11\/27\/sammen-for-a-lofte-avfalls-og-gjenvinningsbransjen\/","title":{"rendered":"Sammen for \u00e5 l\u00f8fte avfalls- og gjenvinningsbransjen"},"content":{"rendered":"\n<p><strong>Avfall er en ressurs, og bransjen beh\u00f8ver et l\u00f8ft som universitetene skal bidra til.<\/strong><\/p>\n\n\n\n<p>Dette har vi gledet oss til \u00e5 fortelle siden juni: I sommer skrev NTNU under p\u00e5 kontrakt med&nbsp;<a href=\"http:\/\/www.avfallnorge.no\/\">Avfall Norge<\/a>&nbsp;om \u00e5 bidra i&nbsp;<a href=\"http:\/\/avfallnorge.no\/artikkel.cfm?pArticleId=42375&amp;pArticleCollectionId=2556\">Kompetansel\u00f8ftet 2020<\/a>, for \u00e5 bidra til et st\u00f8rre l\u00f8ft for avfalls- og gjenvinningsbransjen.<\/p>\n\n\n\n<p>Et av hovedm\u00e5lene er \u00e5 rekruttere flere studenter til avfalls- og gjenvinningsfag ved norske universiteter. Til tross for et stort behov for gr\u00f8nt skifte, har det ikke v\u00e6rt like mye og systematisk rekruttering til avfalls- og gjenvinningsbransjen som for energiomr\u00e5det for \u00f8vrig. Hvis vi sammenligner oss med andre land, s\u00e5 ser vi at interessen og fokuset for \u00e5 generere forskningsaktivitet p\u00e5 omr\u00e5det \u00f8ker, men mange andre land har langt mer aktivitet.<\/p>\n\n\n\n<div class=\"wp-block-image\"><figure class=\"aligncenter\"><img decoding=\"async\" src=\"https:\/\/www.ntnutechzone.no\/wp-content\/uploads\/2015\/11\/Selve-klippingen-1024x684.jpg\" alt=\"Pressebilde med snorklipping for \u00e5pningen av Kompetansel\u00f8ftet\" \/><figcaption>Stortingspolitiker Marianne Aasen foretok snorklippingen som offisielt \u00e5pnet Kompetansel\u00f8ft 2020 den 27. november. Foto: Avfall Norge<\/figcaption><\/figure><\/div>\n\n\n\n<h2 class=\"wp-block-heading\">Mer ambisi\u00f8se m\u00e5l for materialsirkulering<\/h2>\n\n\n\n<p>I Norge mener jeg at vi har ikke greid \u00e5 ha en offensiv tiln\u00e6rming til avfallsforebygging, og vi har ogs\u00e5 i de siste \u00e5rene v\u00e6rt litt avventende til \u00e5 lage ambisi\u00f8se m\u00e5l for materialresirkulering. Vi forbrenner mer enn de fleste land som vi burde sammenligne oss med, slik som Danmark, Tyskland, Nederland. NTNU \u00f8nsker \u00e5 gj\u00f8re noe med dette, og vi&nbsp;<em>tror&nbsp;<\/em>vi kan gj\u00f8re noe med dette!<\/p>\n\n\n\n<p>For \u00e5 ha en tiln\u00e6rming til avfallsfaget m\u00e5 du ha kontakt med ganske mange fagdisipliner, det er litt det samme som p\u00e5 energiomr\u00e5det. Du m\u00e5 ha teknologikompetanse, organisasjonsforst\u00e5else, avfalls\u00f8konomi, politikkforst\u00e5else om virkemiddelbruk, samt logistikk- og materialkunnskap. Hovedutfordringen er antakelig at vi m\u00e5 sikre at avfallsaktivitetene fra avfallskilde og frem til ferdig benyttelse av gjenvunnet r\u00e5stoff blir en god verdikjede, a la omvendt industriell produksjon, bare n\u00e5 basert p\u00e5 avfallsr\u00e5stoff.<\/p>\n\n\n\n<p>Hva er det industrien gj\u00f8r? Jo, de fokuserer alltid p\u00e5 \u00e5 ha h\u00f8y kvalitet p\u00e5 r\u00e5varer, lave tap underveis og h\u00f8y kvalitet p\u00e5 sluttprodukt som er skreddersydd mot et marked. Hvis avfalls- og gjenvinningsbransjen kommer dit er jeg overhodet ikke redd for at vi skal kunne snu trenden.<\/p>\n\n\n\n<h2 class=\"wp-block-heading\">Avfallsforebygging er krevende<\/h2>\n\n\n\n<p>Hvis vi i tillegg gj\u00f8r noe med holdningene v\u00e5re, f\u00e5r vi kanskje ogs\u00e5 avfallsgenereringen til \u00e5 g\u00e5 ned. Men dette er krevende, og en grunnleggende problemstilling med samfunnet v\u00e5rt. Dagens samfunn er en gjennomstr\u00f8mmings\u00f8konomi, og vi lever i et bruk- og kast- samfunn. Det kommer vi trolig til \u00e5 fortsette med til vi simpelthen blir tvunget til \u00e5 endre forbruksvaner, for eksempel i \u00f8konomiske nedgangstider.<\/p>\n\n\n\n<p>Min ambisjon som koordinator for Kompetansel\u00f8ftet-satsinga p\u00e5 NTNU er \u00e5 uteksaminere 8-10 studenter innen avfall \u00e5rlig, med masteroppgave om avfall. I tillegg kan vi godt ha kandidater utover dette p\u00e5 andre fagfelt, som jobber inn mot avfallsproblematikken, som IT-l\u00f8sninger for avfallsindustrien osv. Utover det \u00f8nsker jeg \u00e5 kunne ha en forskningsportef\u00f8lje og deltakelse inn mot samarbeidspartnere fra myndigheter, bransjen og forskningsmilj\u00f8 i utlandet slik at vi p\u00e5 NTNU kan v\u00e6re med p\u00e5 \u00e5 definere dagsorden p\u00e5 dette feltet. Avfallsfeltet passer glimrende med NTNUs m\u00e5l om kunnskap for en bedre verden.<\/p>\n\n\n\n<p>Avtalen med Avfall Norge sikrer NTNU blant annet finansiering av en professor II-stilling i v\u00e5r faggruppe for 5 \u00e5r fremover.<\/p>\n\n\n\n<h2 class=\"wp-block-heading\">Se video fra lanseringen av Kompetansel\u00f8ftet<\/h2>\n\n\n\n<p>Torsdag 26. november var det&nbsp;<a href=\"http:\/\/www.avfallnorge.no\/artikkel.cfm?pArticleId=42375&amp;pArticleCollectionId=2556\">lansering av Kompetansel\u00f8ftet i Oslo<\/a>, opptaket kan sees i sin helhet her:<\/p>\n\n\n\n<p><a href=\"https:\/\/youtu.be\/du3rGpfvEfc\">https:\/\/youtu.be\/du3rGpfvEfc<\/a> [ikke lenger tilgjengelig per 2021]<\/p>\n\n\n\n<p>Innleggene fra oss p\u00e5 NTNU er:<\/p>\n\n\n\n<ul class=\"wp-block-list\"><li>10:45-18:00: Undertegnede<\/li><li>26:20-32:00: Studentene Fredrik Eikum Solberg (IndEcol) og Anja Beate Skogheim Andersen (EMIL)<\/li><\/ul>\n\n\n\n<p>Med oss hadde vi flere studenter som sa noen velvalgte ord om hvorfor de valgte \u00e5 utdanne seg innen milj\u00f8, energi, ressursforvaltning og gjenvinning. Deriblant var uteksaminerte Fredrik Eikum Solberg som i sommer fullf\u00f8rte mastergraden sin ved NTNU om livssyklusanalyse og modellering av biogassanlegg. Med var ogs\u00e5 Anja Beate Skogheim Andersen, en av v\u00e5re n\u00e5v\u00e6rende studenter som f\u00f8lger det nyetablerte avfallsfaget ved Energi og milj\u00f8-studiet.<\/p>\n\n\n\n<p>I tillegg til Avfall Norges egen administrerende direkt\u00f8r Nancy Strand snakket&nbsp;<a href=\"https:\/\/no.wikipedia.org\/wiki\/Marianne_Aasen\">Marianne Aasen<\/a>&nbsp;fra utdannings- og forskningskomit\u00e9en i Stortinget om behovet for kompetansel\u00f8ft i bransjen. Teknas&nbsp;<a href=\"https:\/\/www.tekna.no\/om-tekna\/ansatte\/\">Ivar Horneland Kristensen<\/a>&nbsp;bekrev hvordan den sirkul\u00e6re \u00f8konomien gir nye muligheter for morgendagens ingeni\u00f8rer. Undertegnede og avfallsansvarlig p\u00e5 NMBU&nbsp;<a href=\"http:\/\/www.nmbu.no\/ans\/ole.jorgen.hanssen\">Ole J\u00f8rgen Hanssen<\/a>&nbsp;holdt hvert v\u00e5rt innlegg om hvorfor det er viktig \u00e5 satse p\u00e5 et l\u00f8ft for avfall- og gjenvinningsbransjen fremover.<\/p>\n\n\n\n<h2 class=\"wp-block-heading\">Fakta om Kompetansel\u00f8ftet<\/h2>\n\n\n\n<p>KL2020 er et samarbeid mellom Avfall Norge, Avfallsforsk, NTNU i Trondheim, NMBU i \u00c5s, og byene Troms\u00f8, Trondheim, Bergen, Drammen, Kristiansand, Stavanger, Oslo samt Romerike. Sammen med universitetene og Avfallsforsk&nbsp;vil Avfall Norge tilby kurs, gjesteforelesninger, arrangere workshops, m\u00f8ter mm.<\/p>\n\n\n\n<hr class=\"wp-block-separator\" \/>\n\n\n\n<p><em>Dette blogginnlegget ble f\u00f8rst publisert 27.11.2015 p\u00e5 <a href=\"https:\/\/www.ntnutechzone.no\/\">www.ntnutechzone.no<\/a><\/em><\/p>\n","protected":false},"excerpt":{"rendered":"<p>Avfall er en ressurs, og bransjen beh\u00f8ver et l\u00f8ft som universitetene skal bidra til. Dette har vi gledet oss til \u00e5 fortelle siden juni: I sommer skrev NTNU under p\u00e5 kontrakt med&nbsp;Avfall Norge&nbsp;om \u00e5 bidra i&nbsp;Kompetansel\u00f8ftet 2020, for \u00e5 bidra til et st\u00f8rre l\u00f8ft for&#8230;<\/p>\n","protected":false},"author":473,"featured_media":2343,"comment_status":"open","ping_status":"open","sticky":false,"template":"","format":"standard","meta":{"footnotes":""},"categories":[103,264],"tags":[111,412,414,320],"class_list":["post-2337","post","type-post","status-publish","format-standard","has-post-thumbnail","hentry","category-energi-nb","category-miljo-nb","tag-energi-og-prosessteknikk-nb","tag-industriell-okologi-nb","tag-ingeniorvitenskap-og-teknologi-nb","tag-resirkulering-nb"],"yoast_head":"<!-- This site is optimized with the Yoast SEO plugin v27.5 - https:\/\/yoast.com\/product\/yoast-seo-wordpress\/ -->\n<title>Sammen for \u00e5 l\u00f8fte avfalls- og gjenvinningsbransjen - NTNU TekNat<\/title>\n<meta name=\"description\" content=\"Avfall er en ressurs, og bransjen beh\u00f8ver et l\u00f8ft som universitetene skal bidra til. I sommer skrev NTNU under p\u00e5 kontrakt med Avfall Norge om \u00e5 bidra i Kompetansel\u00f8ftet 2020, for \u00e5 bidra til et st\u00f8rre l\u00f8ft for avfalls- og gjenvinningsbransjen.\" \/>\n<meta name=\"robots\" content=\"index, follow, max-snippet:-1, max-image-preview:large, max-video-preview:-1\" \/>\n<link rel=\"canonical\" href=\"https:\/\/www.ntnu.no\/blogger\/teknat\/2015\/11\/27\/sammen-for-a-lofte-avfalls-og-gjenvinningsbransjen\/\" \/>\n<meta property=\"og:locale\" content=\"nb_NO\" \/>\n<meta property=\"og:type\" content=\"article\" \/>\n<meta property=\"og:title\" content=\"Sammen for \u00e5 l\u00f8fte avfalls- og gjenvinningsbransjen - NTNU TekNat\" \/>\n<meta property=\"og:description\" content=\"Avfall er en ressurs, og bransjen beh\u00f8ver et l\u00f8ft som universitetene skal bidra til. I sommer skrev NTNU under p\u00e5 kontrakt med Avfall Norge om \u00e5 bidra i Kompetansel\u00f8ftet 2020, for \u00e5 bidra til et st\u00f8rre l\u00f8ft for avfalls- og gjenvinningsbransjen.\" \/>\n<meta property=\"og:url\" content=\"https:\/\/www.ntnu.no\/blogger\/teknat\/2015\/11\/27\/sammen-for-a-lofte-avfalls-og-gjenvinningsbransjen\/\" \/>\n<meta property=\"og:site_name\" content=\"NTNU TekNat\" \/>\n<meta property=\"article:published_time\" content=\"2015-11-27T09:10:00+00:00\" \/>\n<meta property=\"article:modified_time\" content=\"2021-08-29T20:48:09+00:00\" \/>\n<meta property=\"og:image\" content=\"https:\/\/www.ntnu.no\/blogger\/teknat\/wp-content\/uploads\/sites\/65\/2015\/11\/Selve-klippingen-1024x684-1.jpg\" \/>\n\t<meta property=\"og:image:width\" content=\"1024\" \/>\n\t<meta property=\"og:image:height\" content=\"684\" \/>\n\t<meta property=\"og:image:type\" content=\"image\/jpeg\" \/>\n<meta name=\"author\" content=\"Gorm R\u00f8dder\" \/>\n<meta name=\"twitter:card\" content=\"summary_large_image\" \/>\n<meta name=\"twitter:label1\" content=\"Skrevet av\" \/>\n\t<meta name=\"twitter:data1\" content=\"Gorm R\u00f8dder\" \/>\n\t<meta name=\"twitter:label2\" content=\"Ansl. lesetid\" \/>\n\t<meta name=\"twitter:data2\" content=\"4 minutter\" \/>\n<script type=\"application\/ld+json\" class=\"yoast-schema-graph\">{\"@context\":\"https:\\\/\\\/schema.org\",\"@graph\":[{\"@type\":\"Article\",\"@id\":\"https:\\\/\\\/www.ntnu.no\\\/blogger\\\/teknat\\\/2015\\\/11\\\/27\\\/sammen-for-a-lofte-avfalls-og-gjenvinningsbransjen\\\/#article\",\"isPartOf\":{\"@id\":\"https:\\\/\\\/www.ntnu.no\\\/blogger\\\/teknat\\\/2015\\\/11\\\/27\\\/sammen-for-a-lofte-avfalls-og-gjenvinningsbransjen\\\/\"},\"author\":{\"name\":\"Gorm R\u00f8dder\",\"@id\":\"https:\\\/\\\/www.ntnu.no\\\/blogger\\\/teknat\\\/#\\\/schema\\\/person\\\/eebdac823cfa66c759dc9640424c33ee\"},\"headline\":\"Sammen for \u00e5 l\u00f8fte avfalls- og gjenvinningsbransjen\",\"datePublished\":\"2015-11-27T09:10:00+00:00\",\"dateModified\":\"2021-08-29T20:48:09+00:00\",\"mainEntityOfPage\":{\"@id\":\"https:\\\/\\\/www.ntnu.no\\\/blogger\\\/teknat\\\/2015\\\/11\\\/27\\\/sammen-for-a-lofte-avfalls-og-gjenvinningsbransjen\\\/\"},\"wordCount\":800,\"commentCount\":0,\"image\":{\"@id\":\"https:\\\/\\\/www.ntnu.no\\\/blogger\\\/teknat\\\/2015\\\/11\\\/27\\\/sammen-for-a-lofte-avfalls-og-gjenvinningsbransjen\\\/#primaryimage\"},\"thumbnailUrl\":\"https:\\\/\\\/www.ntnu.no\\\/blogger\\\/teknat\\\/wp-content\\\/uploads\\\/sites\\\/65\\\/2015\\\/11\\\/Selve-klippingen-1024x684-1.jpg\",\"keywords\":[\"energi- og prosessteknikk\",\"industriell \u00f8kologi\",\"ingeni\u00f8rvitenskap og teknologi\",\"resirkulering\"],\"articleSection\":[\"Energi\",\"Milj\u00f8\"],\"inLanguage\":\"nb-NO\",\"potentialAction\":[{\"@type\":\"CommentAction\",\"name\":\"Comment\",\"target\":[\"https:\\\/\\\/www.ntnu.no\\\/blogger\\\/teknat\\\/2015\\\/11\\\/27\\\/sammen-for-a-lofte-avfalls-og-gjenvinningsbransjen\\\/#respond\"]}]},{\"@type\":\"WebPage\",\"@id\":\"https:\\\/\\\/www.ntnu.no\\\/blogger\\\/teknat\\\/2015\\\/11\\\/27\\\/sammen-for-a-lofte-avfalls-og-gjenvinningsbransjen\\\/\",\"url\":\"https:\\\/\\\/www.ntnu.no\\\/blogger\\\/teknat\\\/2015\\\/11\\\/27\\\/sammen-for-a-lofte-avfalls-og-gjenvinningsbransjen\\\/\",\"name\":\"Sammen for \u00e5 l\u00f8fte avfalls- og gjenvinningsbransjen - NTNU TekNat\",\"isPartOf\":{\"@id\":\"https:\\\/\\\/www.ntnu.no\\\/blogger\\\/teknat\\\/#website\"},\"primaryImageOfPage\":{\"@id\":\"https:\\\/\\\/www.ntnu.no\\\/blogger\\\/teknat\\\/2015\\\/11\\\/27\\\/sammen-for-a-lofte-avfalls-og-gjenvinningsbransjen\\\/#primaryimage\"},\"image\":{\"@id\":\"https:\\\/\\\/www.ntnu.no\\\/blogger\\\/teknat\\\/2015\\\/11\\\/27\\\/sammen-for-a-lofte-avfalls-og-gjenvinningsbransjen\\\/#primaryimage\"},\"thumbnailUrl\":\"https:\\\/\\\/www.ntnu.no\\\/blogger\\\/teknat\\\/wp-content\\\/uploads\\\/sites\\\/65\\\/2015\\\/11\\\/Selve-klippingen-1024x684-1.jpg\",\"datePublished\":\"2015-11-27T09:10:00+00:00\",\"dateModified\":\"2021-08-29T20:48:09+00:00\",\"author\":{\"@id\":\"https:\\\/\\\/www.ntnu.no\\\/blogger\\\/teknat\\\/#\\\/schema\\\/person\\\/eebdac823cfa66c759dc9640424c33ee\"},\"description\":\"Avfall er en ressurs, og bransjen beh\u00f8ver et l\u00f8ft som universitetene skal bidra til. I sommer skrev NTNU under p\u00e5 kontrakt med Avfall Norge om \u00e5 bidra i Kompetansel\u00f8ftet 2020, for \u00e5 bidra til et st\u00f8rre l\u00f8ft for avfalls- og gjenvinningsbransjen.\",\"breadcrumb\":{\"@id\":\"https:\\\/\\\/www.ntnu.no\\\/blogger\\\/teknat\\\/2015\\\/11\\\/27\\\/sammen-for-a-lofte-avfalls-og-gjenvinningsbransjen\\\/#breadcrumb\"},\"inLanguage\":\"nb-NO\",\"potentialAction\":[{\"@type\":\"ReadAction\",\"target\":[\"https:\\\/\\\/www.ntnu.no\\\/blogger\\\/teknat\\\/2015\\\/11\\\/27\\\/sammen-for-a-lofte-avfalls-og-gjenvinningsbransjen\\\/\"]}]},{\"@type\":\"ImageObject\",\"inLanguage\":\"nb-NO\",\"@id\":\"https:\\\/\\\/www.ntnu.no\\\/blogger\\\/teknat\\\/2015\\\/11\\\/27\\\/sammen-for-a-lofte-avfalls-og-gjenvinningsbransjen\\\/#primaryimage\",\"url\":\"https:\\\/\\\/www.ntnu.no\\\/blogger\\\/teknat\\\/wp-content\\\/uploads\\\/sites\\\/65\\\/2015\\\/11\\\/Selve-klippingen-1024x684-1.jpg\",\"contentUrl\":\"https:\\\/\\\/www.ntnu.no\\\/blogger\\\/teknat\\\/wp-content\\\/uploads\\\/sites\\\/65\\\/2015\\\/11\\\/Selve-klippingen-1024x684-1.jpg\",\"width\":1024,\"height\":684,\"caption\":\"Snorklipping for \u00e5pningen av Kompetansel\u00f8ftet 2020\"},{\"@type\":\"BreadcrumbList\",\"@id\":\"https:\\\/\\\/www.ntnu.no\\\/blogger\\\/teknat\\\/2015\\\/11\\\/27\\\/sammen-for-a-lofte-avfalls-og-gjenvinningsbransjen\\\/#breadcrumb\",\"itemListElement\":[{\"@type\":\"ListItem\",\"position\":1,\"name\":\"Hjem\",\"item\":\"https:\\\/\\\/www.ntnu.no\\\/blogger\\\/teknat\\\/\"},{\"@type\":\"ListItem\",\"position\":2,\"name\":\"Sammen for \u00e5 l\u00f8fte avfalls- og gjenvinningsbransjen\"}]},{\"@type\":\"WebSite\",\"@id\":\"https:\\\/\\\/www.ntnu.no\\\/blogger\\\/teknat\\\/#website\",\"url\":\"https:\\\/\\\/www.ntnu.no\\\/blogger\\\/teknat\\\/\",\"name\":\"NTNU TekNat\",\"description\":\"En blogg om teknologi, naturvitenskap, forskning og undervisning ved NTNU\",\"potentialAction\":[{\"@type\":\"SearchAction\",\"target\":{\"@type\":\"EntryPoint\",\"urlTemplate\":\"https:\\\/\\\/www.ntnu.no\\\/blogger\\\/teknat\\\/?s={search_term_string}\"},\"query-input\":{\"@type\":\"PropertyValueSpecification\",\"valueRequired\":true,\"valueName\":\"search_term_string\"}}],\"inLanguage\":\"nb-NO\"},{\"@type\":\"Person\",\"@id\":\"https:\\\/\\\/www.ntnu.no\\\/blogger\\\/teknat\\\/#\\\/schema\\\/person\\\/eebdac823cfa66c759dc9640424c33ee\",\"name\":\"Gorm R\u00f8dder\",\"image\":{\"@type\":\"ImageObject\",\"inLanguage\":\"nb-NO\",\"@id\":\"https:\\\/\\\/secure.gravatar.com\\\/avatar\\\/087a73835edbf8b926e4058158b3a9efeffc0359004e9a59a88b46505b320509?s=96&d=mm&r=g\",\"url\":\"https:\\\/\\\/secure.gravatar.com\\\/avatar\\\/087a73835edbf8b926e4058158b3a9efeffc0359004e9a59a88b46505b320509?s=96&d=mm&r=g\",\"contentUrl\":\"https:\\\/\\\/secure.gravatar.com\\\/avatar\\\/087a73835edbf8b926e4058158b3a9efeffc0359004e9a59a88b46505b320509?s=96&d=mm&r=g\",\"caption\":\"Gorm R\u00f8dder\"},\"url\":\"#molongui-disabled-link\"}]}<\/script>\n<!-- \/ Yoast SEO plugin. -->","yoast_head_json":{"title":"Sammen for \u00e5 l\u00f8fte avfalls- og gjenvinningsbransjen - NTNU TekNat","description":"Avfall er en ressurs, og bransjen beh\u00f8ver et l\u00f8ft som universitetene skal bidra til. I sommer skrev NTNU under p\u00e5 kontrakt med Avfall Norge om \u00e5 bidra i Kompetansel\u00f8ftet 2020, for \u00e5 bidra til et st\u00f8rre l\u00f8ft for avfalls- og gjenvinningsbransjen.","robots":{"index":"index","follow":"follow","max-snippet":"max-snippet:-1","max-image-preview":"max-image-preview:large","max-video-preview":"max-video-preview:-1"},"canonical":"https:\/\/www.ntnu.no\/blogger\/teknat\/2015\/11\/27\/sammen-for-a-lofte-avfalls-og-gjenvinningsbransjen\/","og_locale":"nb_NO","og_type":"article","og_title":"Sammen for \u00e5 l\u00f8fte avfalls- og gjenvinningsbransjen - NTNU TekNat","og_description":"Avfall er en ressurs, og bransjen beh\u00f8ver et l\u00f8ft som universitetene skal bidra til. I sommer skrev NTNU under p\u00e5 kontrakt med Avfall Norge om \u00e5 bidra i Kompetansel\u00f8ftet 2020, for \u00e5 bidra til et st\u00f8rre l\u00f8ft for avfalls- og gjenvinningsbransjen.","og_url":"https:\/\/www.ntnu.no\/blogger\/teknat\/2015\/11\/27\/sammen-for-a-lofte-avfalls-og-gjenvinningsbransjen\/","og_site_name":"NTNU TekNat","article_published_time":"2015-11-27T09:10:00+00:00","article_modified_time":"2021-08-29T20:48:09+00:00","og_image":[{"width":1024,"height":684,"url":"https:\/\/www.ntnu.no\/blogger\/teknat\/wp-content\/uploads\/sites\/65\/2015\/11\/Selve-klippingen-1024x684-1.jpg","type":"image\/jpeg"}],"author":"Gorm R\u00f8dder","twitter_card":"summary_large_image","twitter_misc":{"Skrevet av":"Gorm R\u00f8dder","Ansl. lesetid":"4 minutter"},"schema":{"@context":"https:\/\/schema.org","@graph":[{"@type":"Article","@id":"https:\/\/www.ntnu.no\/blogger\/teknat\/2015\/11\/27\/sammen-for-a-lofte-avfalls-og-gjenvinningsbransjen\/#article","isPartOf":{"@id":"https:\/\/www.ntnu.no\/blogger\/teknat\/2015\/11\/27\/sammen-for-a-lofte-avfalls-og-gjenvinningsbransjen\/"},"author":{"name":"Gorm R\u00f8dder","@id":"https:\/\/www.ntnu.no\/blogger\/teknat\/#\/schema\/person\/eebdac823cfa66c759dc9640424c33ee"},"headline":"Sammen for \u00e5 l\u00f8fte avfalls- og gjenvinningsbransjen","datePublished":"2015-11-27T09:10:00+00:00","dateModified":"2021-08-29T20:48:09+00:00","mainEntityOfPage":{"@id":"https:\/\/www.ntnu.no\/blogger\/teknat\/2015\/11\/27\/sammen-for-a-lofte-avfalls-og-gjenvinningsbransjen\/"},"wordCount":800,"commentCount":0,"image":{"@id":"https:\/\/www.ntnu.no\/blogger\/teknat\/2015\/11\/27\/sammen-for-a-lofte-avfalls-og-gjenvinningsbransjen\/#primaryimage"},"thumbnailUrl":"https:\/\/www.ntnu.no\/blogger\/teknat\/wp-content\/uploads\/sites\/65\/2015\/11\/Selve-klippingen-1024x684-1.jpg","keywords":["energi- og prosessteknikk","industriell \u00f8kologi","ingeni\u00f8rvitenskap og teknologi","resirkulering"],"articleSection":["Energi","Milj\u00f8"],"inLanguage":"nb-NO","potentialAction":[{"@type":"CommentAction","name":"Comment","target":["https:\/\/www.ntnu.no\/blogger\/teknat\/2015\/11\/27\/sammen-for-a-lofte-avfalls-og-gjenvinningsbransjen\/#respond"]}]},{"@type":"WebPage","@id":"https:\/\/www.ntnu.no\/blogger\/teknat\/2015\/11\/27\/sammen-for-a-lofte-avfalls-og-gjenvinningsbransjen\/","url":"https:\/\/www.ntnu.no\/blogger\/teknat\/2015\/11\/27\/sammen-for-a-lofte-avfalls-og-gjenvinningsbransjen\/","name":"Sammen for \u00e5 l\u00f8fte avfalls- og gjenvinningsbransjen - NTNU TekNat","isPartOf":{"@id":"https:\/\/www.ntnu.no\/blogger\/teknat\/#website"},"primaryImageOfPage":{"@id":"https:\/\/www.ntnu.no\/blogger\/teknat\/2015\/11\/27\/sammen-for-a-lofte-avfalls-og-gjenvinningsbransjen\/#primaryimage"},"image":{"@id":"https:\/\/www.ntnu.no\/blogger\/teknat\/2015\/11\/27\/sammen-for-a-lofte-avfalls-og-gjenvinningsbransjen\/#primaryimage"},"thumbnailUrl":"https:\/\/www.ntnu.no\/blogger\/teknat\/wp-content\/uploads\/sites\/65\/2015\/11\/Selve-klippingen-1024x684-1.jpg","datePublished":"2015-11-27T09:10:00+00:00","dateModified":"2021-08-29T20:48:09+00:00","author":{"@id":"https:\/\/www.ntnu.no\/blogger\/teknat\/#\/schema\/person\/eebdac823cfa66c759dc9640424c33ee"},"description":"Avfall er en ressurs, og bransjen beh\u00f8ver et l\u00f8ft som universitetene skal bidra til. I sommer skrev NTNU under p\u00e5 kontrakt med Avfall Norge om \u00e5 bidra i Kompetansel\u00f8ftet 2020, for \u00e5 bidra til et st\u00f8rre l\u00f8ft for avfalls- og gjenvinningsbransjen.","breadcrumb":{"@id":"https:\/\/www.ntnu.no\/blogger\/teknat\/2015\/11\/27\/sammen-for-a-lofte-avfalls-og-gjenvinningsbransjen\/#breadcrumb"},"inLanguage":"nb-NO","potentialAction":[{"@type":"ReadAction","target":["https:\/\/www.ntnu.no\/blogger\/teknat\/2015\/11\/27\/sammen-for-a-lofte-avfalls-og-gjenvinningsbransjen\/"]}]},{"@type":"ImageObject","inLanguage":"nb-NO","@id":"https:\/\/www.ntnu.no\/blogger\/teknat\/2015\/11\/27\/sammen-for-a-lofte-avfalls-og-gjenvinningsbransjen\/#primaryimage","url":"https:\/\/www.ntnu.no\/blogger\/teknat\/wp-content\/uploads\/sites\/65\/2015\/11\/Selve-klippingen-1024x684-1.jpg","contentUrl":"https:\/\/www.ntnu.no\/blogger\/teknat\/wp-content\/uploads\/sites\/65\/2015\/11\/Selve-klippingen-1024x684-1.jpg","width":1024,"height":684,"caption":"Snorklipping for \u00e5pningen av Kompetansel\u00f8ftet 2020"},{"@type":"BreadcrumbList","@id":"https:\/\/www.ntnu.no\/blogger\/teknat\/2015\/11\/27\/sammen-for-a-lofte-avfalls-og-gjenvinningsbransjen\/#breadcrumb","itemListElement":[{"@type":"ListItem","position":1,"name":"Hjem","item":"https:\/\/www.ntnu.no\/blogger\/teknat\/"},{"@type":"ListItem","position":2,"name":"Sammen for \u00e5 l\u00f8fte avfalls- og gjenvinningsbransjen"}]},{"@type":"WebSite","@id":"https:\/\/www.ntnu.no\/blogger\/teknat\/#website","url":"https:\/\/www.ntnu.no\/blogger\/teknat\/","name":"NTNU TekNat","description":"En blogg om teknologi, naturvitenskap, forskning og undervisning ved NTNU","potentialAction":[{"@type":"SearchAction","target":{"@type":"EntryPoint","urlTemplate":"https:\/\/www.ntnu.no\/blogger\/teknat\/?s={search_term_string}"},"query-input":{"@type":"PropertyValueSpecification","valueRequired":true,"valueName":"search_term_string"}}],"inLanguage":"nb-NO"},{"@type":"Person","@id":"https:\/\/www.ntnu.no\/blogger\/teknat\/#\/schema\/person\/eebdac823cfa66c759dc9640424c33ee","name":"Gorm R\u00f8dder","image":{"@type":"ImageObject","inLanguage":"nb-NO","@id":"https:\/\/secure.gravatar.com\/avatar\/087a73835edbf8b926e4058158b3a9efeffc0359004e9a59a88b46505b320509?s=96&d=mm&r=g","url":"https:\/\/secure.gravatar.com\/avatar\/087a73835edbf8b926e4058158b3a9efeffc0359004e9a59a88b46505b320509?s=96&d=mm&r=g","contentUrl":"https:\/\/secure.gravatar.com\/avatar\/087a73835edbf8b926e4058158b3a9efeffc0359004e9a59a88b46505b320509?s=96&d=mm&r=g","caption":"Gorm R\u00f8dder"},"url":"#molongui-disabled-link"}]}},"_links":{"self":[{"href":"https:\/\/www.ntnu.no\/blogger\/teknat\/wp-json\/wp\/v2\/posts\/2337","targetHints":{"allow":["GET"]}}],"collection":[{"href":"https:\/\/www.ntnu.no\/blogger\/teknat\/wp-json\/wp\/v2\/posts"}],"about":[{"href":"https:\/\/www.ntnu.no\/blogger\/teknat\/wp-json\/wp\/v2\/types\/post"}],"author":[{"embeddable":true,"href":"https:\/\/www.ntnu.no\/blogger\/teknat\/wp-json\/wp\/v2\/users\/473"}],"replies":[{"embeddable":true,"href":"https:\/\/www.ntnu.no\/blogger\/teknat\/wp-json\/wp\/v2\/comments?post=2337"}],"version-history":[{"count":4,"href":"https:\/\/www.ntnu.no\/blogger\/teknat\/wp-json\/wp\/v2\/posts\/2337\/revisions"}],"predecessor-version":[{"id":2344,"href":"https:\/\/www.ntnu.no\/blogger\/teknat\/wp-json\/wp\/v2\/posts\/2337\/revisions\/2344"}],"wp:featuredmedia":[{"embeddable":true,"href":"https:\/\/www.ntnu.no\/blogger\/teknat\/wp-json\/wp\/v2\/media\/2343"}],"wp:attachment":[{"href":"https:\/\/www.ntnu.no\/blogger\/teknat\/wp-json\/wp\/v2\/media?parent=2337"}],"wp:term":[{"taxonomy":"category","embeddable":true,"href":"https:\/\/www.ntnu.no\/blogger\/teknat\/wp-json\/wp\/v2\/categories?post=2337"},{"taxonomy":"post_tag","embeddable":true,"href":"https:\/\/www.ntnu.no\/blogger\/teknat\/wp-json\/wp\/v2\/tags?post=2337"}],"curies":[{"name":"wp","href":"https:\/\/api.w.org\/{rel}","templated":true}]}}